{"id":3156,"date":"2024-12-27T16:02:48","date_gmt":"2024-12-27T14:02:48","guid":{"rendered":"https:\/\/semelfi-wp27900.test.cchosting.fi\/?p=3156"},"modified":"2025-01-15T12:34:26","modified_gmt":"2025-01-15T10:34:26","slug":"statsradets-forordning-om-kelataxidermer-2025","status":"publish","type":"post","link":"https:\/\/semel.fi\/sv\/ajankohtaista\/valtioneuvoston-asetus-kelataksoista-vuodelle-2025\/","title":{"rendered":"Statsr\u00e5dets f\u00f6rordning om kelataxor f\u00f6r \u00e5r 2025"},"content":{"rendered":"<p>Enligt sjukf\u00f6rs\u00e4kringslagen f\u00f6reskrivs i statsr\u00e5dsf\u00f6rordning om den h\u00f6gsta avgift som den f\u00f6rs\u00e4krade ska betala f\u00f6r en taxiresa som ers\u00e4tts av sjukf\u00f6rs\u00e4kringen. <\/p>\n\n\n\n<p>Maxpriset baseras p\u00e5 medel som finns tillg\u00e4ngliga f\u00f6r ers\u00e4ttningar och kostnader som uppst\u00e5r vid transport, s\u00e5 att en rimlig vinst ing\u00e5r. Genom en f\u00f6rordning av statsr\u00e5det h\u00f6js maxpriserna med 2,7 procent och h\u00f6jningen riktas motsvarande procenttal till alla priser som anges i f\u00f6rordningen. <\/p>\n\n\n\n<p>Priserna tr\u00e4der i kraft 1.1.2025<\/p>","protected":false},"excerpt":{"rendered":"<p>Enligt sjukf\u00f6rs\u00e4kringslagen f\u00f6reskrivs i statsr\u00e5dsf\u00f6rordning om den h\u00f6gsta avgift som den f\u00f6rs\u00e4krade ska betala f\u00f6r en taxiresa som ers\u00e4tts av sjukf\u00f6rs\u00e4kringen.<\/p>","protected":false},"author":1,"featured_media":0,"comment_status":"open","ping_status":"open","sticky":false,"template":"","format":"standard","meta":{"_acf_changed":false,"footnotes":""},"categories":[1],"tags":[],"class_list":["post-3156","post","type-post","status-publish","format-standard","hentry","category-ajankohtaista"],"acf":[],"_links":{"self":[{"href":"https:\/\/semel.fi\/sv\/wp-json\/wp\/v2\/posts\/3156","targetHints":{"allow":["GET"]}}],"collection":[{"href":"https:\/\/semel.fi\/sv\/wp-json\/wp\/v2\/posts"}],"about":[{"href":"https:\/\/semel.fi\/sv\/wp-json\/wp\/v2\/types\/post"}],"author":[{"embeddable":true,"href":"https:\/\/semel.fi\/sv\/wp-json\/wp\/v2\/users\/1"}],"replies":[{"embeddable":true,"href":"https:\/\/semel.fi\/sv\/wp-json\/wp\/v2\/comments?post=3156"}],"version-history":[{"count":2,"href":"https:\/\/semel.fi\/sv\/wp-json\/wp\/v2\/posts\/3156\/revisions"}],"predecessor-version":[{"id":3243,"href":"https:\/\/semel.fi\/sv\/wp-json\/wp\/v2\/posts\/3156\/revisions\/3243"}],"wp:attachment":[{"href":"https:\/\/semel.fi\/sv\/wp-json\/wp\/v2\/media?parent=3156"}],"wp:term":[{"taxonomy":"category","embeddable":true,"href":"https:\/\/semel.fi\/sv\/wp-json\/wp\/v2\/categories?post=3156"},{"taxonomy":"post_tag","embeddable":true,"href":"https:\/\/semel.fi\/sv\/wp-json\/wp\/v2\/tags?post=3156"}],"curies":[{"name":"wp","href":"https:\/\/api.w.org\/{rel}","templated":true}]}}