{"id":3154,"date":"2024-11-28T16:00:00","date_gmt":"2024-11-28T14:00:00","guid":{"rendered":"https:\/\/semelfi-wp27900.test.cchosting.fi\/?p=3154"},"modified":"2025-01-14T16:02:37","modified_gmt":"2025-01-14T14:02:37","slug":"alv-andras-1-1-2025","status":"publish","type":"post","link":"https:\/\/semel.fi\/sv\/ajankohtaista\/alv-muuttuu-1-1-2025\/","title":{"rendered":"ALV-\u00e4ndring 2025-01-01"},"content":{"rendered":"<p>Momsen p\u00e5 persontransporter h\u00f6js fr\u00e5n 10 procent till 14 procent fr\u00e5n och med den 1 januari 2025. Denna \u00e4ndring inneb\u00e4r att den moms som g\u00e4ller vid transportens b\u00f6rjan fastst\u00e4lls enligt lag.<\/p>\n\n\n\n<p>Semel uppdaterar under december alla M2 taxameter-tj\u00e4nstens m\u00e4tare med taxa, till\u00e4ggsavgifter och momsfiler via fj\u00e4rranslutning i Finland. F\u00f6r att uppdateringen ska lyckas \u00e4r det viktigt att taxameterns datauppkoppling \u00e4r aktiv. Om inget annat har avtalats \u00e4ndras skattesatsen f\u00f6r taxor och till\u00e4ggsavgifter i taxametrarna till 14 procent utan att dock p\u00e5verka konsumentpriset.<\/p>\n\n\n\n<p><strong>OBS!<\/strong>&nbsp;Om ett taxif\u00f6retag eller en taxientrepren\u00f6r f\u00f6re den 13 december 2024 har avtalat med Semel om ett annat s\u00e4tt att genomf\u00f6ra moms\u00e4ndringen, g\u00e4ller inte denna allm\u00e4nna anvisning f\u00f6r det aktuella f\u00f6retaget eller den entrepren\u00f6ren. Blanketten f\u00f6r best\u00e4llning och \u00e4ndring av taxor finns p\u00e5 Semels webbplats p\u00e5 adressen semel.fi\/taksiautoilijalle. Filer som skickas till taxametrarna och som inneh\u00e5ller den nya momssatsen aktiveras automatiskt den 1 januari 2025 kl. 00:01.<\/p>\n\n\n\n<p>Instruktioner vid \u00e5rsskiftet:<\/p>\n\n\n\n<ul class=\"wp-block-list\">\n<li>Om taxameterns k\u00f6rskift \u00e4r aktivt vid \u00e5rsskiftet, avsluta k\u00f6rskiftet och starta om det cirka en minut efter avslutandet.<\/li>\n\n\n\n<li>Om k\u00f6rturen inte \u00e4r aktiv vid \u00e5rsskiftet, aktiveras de nya skattesatsinformationerna automatiskt n\u00e4r n\u00e4sta k\u00f6rtur b\u00f6rjar.<\/li>\n<\/ul>\n\n\n\n<p>Observera att om taxametersystemet inte till\u00e5ter fj\u00e4rrnedladdning av filer, ska f\u00f6raren kontakta antingen en auktoriserad Semel-installationsverkstad eller Semel Helpdesk. I dessa fall kan tj\u00e4nsteleverant\u00f6rerna debitera enligt sina egna prislistor f\u00f6r eventuella uppkomna kostnader.<br>\u00a0<br>Semel Helpdesk betj\u00e4nar via telefonnummer 0600 17788 och e-post p\u00e5 adressen desk(at)semel.fi.<\/p>\n\n\n\n<p><\/p>","protected":false},"excerpt":{"rendered":"<p>Momsen p\u00e5 persontransporter h\u00f6js fr\u00e5n 10 procent till 14 procent fr\u00e5n och med den 1 januari 2025. Denna \u00e4ndring inneb\u00e4r att den moms som g\u00e4ller vid transportens b\u00f6rjan fastst\u00e4lls enligt lag.<\/p>","protected":false},"author":1,"featured_media":0,"comment_status":"open","ping_status":"open","sticky":false,"template":"","format":"standard","meta":{"_acf_changed":false,"footnotes":""},"categories":[1],"tags":[],"class_list":["post-3154","post","type-post","status-publish","format-standard","hentry","category-ajankohtaista"],"acf":[],"_links":{"self":[{"href":"https:\/\/semel.fi\/sv\/wp-json\/wp\/v2\/posts\/3154","targetHints":{"allow":["GET"]}}],"collection":[{"href":"https:\/\/semel.fi\/sv\/wp-json\/wp\/v2\/posts"}],"about":[{"href":"https:\/\/semel.fi\/sv\/wp-json\/wp\/v2\/types\/post"}],"author":[{"embeddable":true,"href":"https:\/\/semel.fi\/sv\/wp-json\/wp\/v2\/users\/1"}],"replies":[{"embeddable":true,"href":"https:\/\/semel.fi\/sv\/wp-json\/wp\/v2\/comments?post=3154"}],"version-history":[{"count":1,"href":"https:\/\/semel.fi\/sv\/wp-json\/wp\/v2\/posts\/3154\/revisions"}],"predecessor-version":[{"id":3155,"href":"https:\/\/semel.fi\/sv\/wp-json\/wp\/v2\/posts\/3154\/revisions\/3155"}],"wp:attachment":[{"href":"https:\/\/semel.fi\/sv\/wp-json\/wp\/v2\/media?parent=3154"}],"wp:term":[{"taxonomy":"category","embeddable":true,"href":"https:\/\/semel.fi\/sv\/wp-json\/wp\/v2\/categories?post=3154"},{"taxonomy":"post_tag","embeddable":true,"href":"https:\/\/semel.fi\/sv\/wp-json\/wp\/v2\/tags?post=3154"}],"curies":[{"name":"wp","href":"https:\/\/api.w.org\/{rel}","templated":true}]}}